{"id":16,"date":"2019-07-12T15:34:28","date_gmt":"2019-07-12T18:34:28","guid":{"rendered":"http:\/\/www.clinicazeminian.com.br\/blog\/?p=16"},"modified":"2025-09-08T15:33:55","modified_gmt":"2025-09-08T18:33:55","slug":"conheca-a-clinica-zeminian-dermatologia","status":"publish","type":"post","link":"https:\/\/clinicazeminian.com.br\/blog\/conheca-a-clinica-zeminian-dermatologia\/","title":{"rendered":"Conhe\u00e7a a Cl\u00ednica Zeminian Dermatologia"},"content":{"rendered":"\n<p>Est\u00e1 no ar o Blog de Not\u00edcias da Cl\u00ednica Zeminian.<\/p>\n\n\n\n<p>Not\u00edcias, atualiza\u00e7\u00f5es, novidades, tudo de importante estar\u00e1 aqui, em publica\u00e7\u00f5es feitas especialmente para voc\u00ea, que acompanha nossas atividades.<\/p>\n\n\n\n<p>A Cl\u00ednica Zeminian de Dermatologia foi fundada em 1986, pelo Dr Paulo Zeminian, m\u00e9dico dermatologista, ap\u00f3s a sua forma\u00e7\u00e3o e especializa\u00e7\u00e3o pela Universidade de S\u00e3o Paulo. S\u00e3o trinta e tr\u00eas anos de experi\u00eancia em Dermatologia Cl\u00ednica, Cir\u00fargica e Est\u00e9tica em benef\u00edcio de seus pacientes.<\/p>\n\n\n\n<p>O Dr Paulo Zeminian comenta sobre este longo per\u00edodo: \u201cVenho da d\u00e9cada de 80, quando estudei e trabalhei com os Professores Sebasti\u00e3o Sampaio e Evandro Rivitti, \u00edcones da dermatologia nacional e internacional. Os princ\u00edpios de organiza\u00e7\u00e3o e atendimento adquiridos na USP determinaram toda a nossa organiza\u00e7\u00e3o, e atualmente ainda nos baseamos nas diretrizes cient\u00edficas da Dermatologia da FMUSP, hoje sob a dire\u00e7\u00e3o dos Professores Jos\u00e9 Ant\u00f4nio Sanches e Cyro Festa Neto.<\/p>\n\n\n\n<p>Nossa equipe de m\u00e9dicas e m\u00e9dicos e composta por Dermatologistas com rigorosa forma\u00e7\u00e3o cient\u00edfica, especialistas e que est\u00e3o sempre se atualizando, com o prop\u00f3sito de trazer aos nossos pacientes os mais atualizados conhecimentos cient\u00edficos em todas as \u00e1reas da Dermatologia.<\/p>\n\n\n\n<p>Publicaremos aqui, regularmente, mat\u00e9rias de interesse aos nossos pacientes e ao p\u00fablico em geral, sempre com o rigor cient\u00edfico que nos guia. <\/p>\n\n\n\n<p>Sejam todos bem vindos a este novo canal de comunica\u00e7\u00e3o.<\/p>\n\n\n<p><!--EndFragment--><br>\n<br>\n<\/p>","protected":false},"excerpt":{"rendered":"<p>Est\u00e1 no ar o Blog de Not\u00edcias da Cl\u00ednica Zeminian. Not\u00edcias, atualiza\u00e7\u00f5es, novidades, tudo de importante estar\u00e1 aqui, em publica\u00e7\u00f5es feitas especialmente para voc\u00ea, que acompanha nossas atividades. A Cl\u00ednica Zeminian de Dermatologia foi fundada em 1986, pelo Dr Paulo Zeminian, m\u00e9dico dermatologista, ap\u00f3s a sua forma\u00e7\u00e3o e especializa\u00e7\u00e3o pela Universidade de S\u00e3o Paulo. S\u00e3o [&hellip;]<\/p>\n","protected":false},"author":1,"featured_media":8,"comment_status":"closed","ping_status":"open","sticky":false,"template":"","format":"standard","meta":{"footnotes":""},"categories":[1],"tags":[],"class_list":["post-16","post","type-post","status-publish","format-standard","has-post-thumbnail","hentry","category-sem-categoria"],"_links":{"self":[{"href":"https:\/\/clinicazeminian.com.br\/blog\/wp-json\/wp\/v2\/posts\/16","targetHints":{"allow":["GET"]}}],"collection":[{"href":"https:\/\/clinicazeminian.com.br\/blog\/wp-json\/wp\/v2\/posts"}],"about":[{"href":"https:\/\/clinicazeminian.com.br\/blog\/wp-json\/wp\/v2\/types\/post"}],"author":[{"embeddable":true,"href":"https:\/\/clinicazeminian.com.br\/blog\/wp-json\/wp\/v2\/users\/1"}],"replies":[{"embeddable":true,"href":"https:\/\/clinicazeminian.com.br\/blog\/wp-json\/wp\/v2\/comments?post=16"}],"version-history":[{"count":1,"href":"https:\/\/clinicazeminian.com.br\/blog\/wp-json\/wp\/v2\/posts\/16\/revisions"}],"predecessor-version":[{"id":17,"href":"https:\/\/clinicazeminian.com.br\/blog\/wp-json\/wp\/v2\/posts\/16\/revisions\/17"}],"wp:featuredmedia":[{"embeddable":true,"href":"https:\/\/clinicazeminian.com.br\/blog\/wp-json\/wp\/v2\/media\/8"}],"wp:attachment":[{"href":"https:\/\/clinicazeminian.com.br\/blog\/wp-json\/wp\/v2\/media?parent=16"}],"wp:term":[{"taxonomy":"category","embeddable":true,"href":"https:\/\/clinicazeminian.com.br\/blog\/wp-json\/wp\/v2\/categories?post=16"},{"taxonomy":"post_tag","embeddable":true,"href":"https:\/\/clinicazeminian.com.br\/blog\/wp-json\/wp\/v2\/tags?post=16"}],"curies":[{"name":"wp","href":"https:\/\/api.w.org\/{rel}","templated":true}]}}